{"id":10298,"date":"2026-04-29T16:03:47","date_gmt":"2026-04-29T16:03:47","guid":{"rendered":"https:\/\/region-nouakchott.mr\/fr\/?p=10298"},"modified":"2026-04-29T18:27:28","modified_gmt":"2026-04-29T18:27:28","slug":"programme-de-financement-des-initiatives-locales","status":"publish","type":"post","link":"https:\/\/region-nouakchott.mr\/fr\/?p=10298","title":{"rendered":"Programme de financement des initiatives locales"},"content":{"rendered":"<p>&nbsp;<\/p>\n<p style=\"text-align: center;\"><strong>Projet de Coop\u00e9ration<\/strong><\/p>\n<p style=\"text-align: center;\"><strong>\u00ab<\/strong><strong> Appui au d\u00e9veloppement du Plan d\u2019Action pour l\u2019Acc\u00e8s \u00e0 l\u2019Energie Durable et au Climat de la R\u00e9gion de Nouakchott et renforcement de son leadership national dans ce domaine <\/strong><strong>\u00bb<\/strong><\/p>\n<p>&nbsp;<\/p>\n<p style=\"text-align: center;\"><strong>\u00a0<\/strong><strong>Appel \u00e0 Projets \u2013 R\u00e9gion de Nouakchott<\/strong><\/p>\n<p style=\"text-align: center;\"><strong><u>Programme de financement des initiatives locales<\/u><\/strong><!--more--><\/p>\n<p><strong>&#8211; Deuxi\u00e8me \u00e9dition \u2013<\/strong><\/p>\n<p><strong>&#8211; Phase de Pr\u00e9qualification &#8211; <\/strong><\/p>\n<p>Face aux d\u00e9fis climatiques croissants, la R\u00e9gion de Nouakchott affirme son engagement en faveur d\u2019un d\u00e9veloppement ambitieux et durable, en s\u2019appuyant sur le Plan d\u2019Action pour l\u2019Acc\u00e8s \u00e0 l\u2019\u00c9nergie Durable et le Climat (PAAEDC). \u00c9labor\u00e9 en 2020 puis actualis\u00e9 en 2024 dans le cadre de la Convention des Maires pour l\u2019Afrique Subsaharienne (CoM SSA), ce plan constitue un pilier strat\u00e9gique de l\u2019action r\u00e9gionale. Il fixe des orientations claires en faveur d\u2019une transition \u00e9nerg\u00e9tique r\u00e9ussie, du d\u00e9veloppement d\u2019une mobilit\u00e9 durable et de l\u2019am\u00e9lioration concr\u00e8te des conditions de vie des populations, avec une attention particuli\u00e8re port\u00e9e aux groupes les plus vuln\u00e9rables.<\/p>\n<p>Une \u00e9tape d\u00e9terminante a \u00e9t\u00e9 franchie dans la mise en \u0153uvre du PAAEDC avec la cr\u00e9ation du Fonds R\u00e9gional d\u2019Adaptation au Changement Climatique. Ce m\u00e9canisme financier structurant permet de soutenir, de d\u00e9ployer et de p\u00e9renniser des initiatives pilotes, tout en consolidant la vision de d\u00e9veloppement \u00e0 long terme de la R\u00e9gion de Nouakchott.<\/p>\n<p>Dans cette dynamique, la R\u00e9gion de Nouakchott lance son deuxi\u00e8me appel \u00e0 projets. Cette initiative vise \u00e0 appuyer et financer des actions locales de lutte contre les effets du changement climatique, tout en int\u00e9grant de mani\u00e8re transversale la promotion de l\u2019\u00e9galit\u00e9 de genre dans les zones urbaines et p\u00e9riurbaines.<\/p>\n<p><strong>Objectifs :<\/strong><\/p>\n<p>Renforcer la r\u00e9silience climatique<\/p>\n<p>Soutenir la mise en \u0153uvre du PAAEDC<\/p>\n<p>Promouvoir une approche inclusive et durable<\/p>\n<p><strong>\u00a0<\/strong><\/p>\n<p><strong>Qui peut postuler ?<\/strong><\/p>\n<p>Commune, ONG, association, universit\u00e9, coop\u00e9rative, administration publique, chercheurs.<\/p>\n<p><strong>Nb\u00a0: <\/strong><\/p>\n<ul>\n<li>La pr\u00e9sentation du re\u00e7u d\u2019autorisation est obligatoire.<\/li>\n<li>Il est exig\u00e9 que ces institutions soient actives dans la ville de Nouakchott et qu\u2019elles mettent en \u0153uvre ces activit\u00e9s dans leur p\u00e9rim\u00e8tre g\u00e9ographique.<\/li>\n<\/ul>\n<p><strong>Th\u00e9matiques financ\u00e9es :<\/strong><\/p>\n<p>Les domaines d\u2019intervention pr\u00e9sent\u00e9s ci-apr\u00e8s sont fournis \u00e0 titre indicatif afin d\u2019illustrer les types d\u2019initiatives susceptibles d\u2019\u00eatre soutenues dans le cadre du pr\u00e9sent appel \u00e0 projets.<\/p>\n<p>Cette liste n\u2019est pas exhaustive et ne limite pas les propositions qui pourraient \u00eatre soumises par les porteurs de projets. Toute initiative pertinente, innovante et coh\u00e9rente avec les th\u00e9matiques prioritaires de l\u2019appel \u00e0 projets pourra \u00eatre examin\u00e9e, sous r\u00e9serve qu\u2019elle contribue de mani\u00e8re claire aux objectifs poursuivis en mati\u00e8re de transition \u00e9cologique, d\u2019adaptation au changement climatique et d\u2019am\u00e9lioration de la r\u00e9silience urbaine dans la R\u00e9gion de Nouakchott.<\/p>\n<p><strong>\u00a0<\/strong><\/p>\n<table width=\"688\">\n<tbody>\n<tr>\n<td width=\"151\"><strong>Gestion int\u00e9gr\u00e9e et \u00e9conomie des d\u00e9chets<\/strong><\/td>\n<td width=\"538\">&#8211; Syst\u00e8mes innovants de tri des d\u00e9chets \u00e0 la source<br \/>\n&#8211; Valorisation des d\u00e9chets plastiques<br \/>\n&#8211; Projets d\u2019\u00e9conomie circulaire<br \/>\n&#8211; Recyclage communautaire ou municipal<br \/>\n&#8211; Innovation dans la collecte et la transformation des d\u00e9chets<\/td>\n<\/tr>\n<tr>\n<td width=\"151\"><strong>Recherche scientifique sur l\u2019action climatique<\/strong><\/p>\n<p><strong>\u00a0<\/strong><\/td>\n<td width=\"538\">&#8211; Solutions d\u2019adaptation climatique pour les villes sah\u00e9liennes<br \/>\n&#8211; \u00c9tudes sur la r\u00e9silience urbaine face aux \u00e9v\u00e9nements climatiques extr\u00eames<br \/>\n&#8211; Innovation technologique pour l\u2019action climatique<br \/>\n&#8211; \u00c9tudes socio-\u00e9conomiques sur la transition \u00e9cologique<\/td>\n<\/tr>\n<tr>\n<td width=\"151\"><strong>Projet innovant d\u2019adaptation et \/ ou d\u2019att\u00e9nuation dans le domaine du changement climatique<\/strong><\/td>\n<td width=\"538\">Tout projet innovant dans ce domaine.<\/td>\n<\/tr>\n<\/tbody>\n<\/table>\n<p><strong>\u00a0<\/strong><\/p>\n<ul>\n<li><strong>Montants disponibles :<\/strong> de 2000 000 \u00e0 2 500 000 MRU<\/li>\n<\/ul>\n<p>Seuls les projets compris dans cet intervalle peuvent \u00eatre consid\u00e9r\u00e9s comme \u00e9ligibles.<\/p>\n<p><strong>Date limite de candidature :<\/strong><\/p>\n<p>21 mai 2026 \u00e0 10h GMT<\/p>\n<p><strong>Comment postuler ?<\/strong><\/p>\n<ul>\n<li>En ligne via ce lien : <a href=\"https:\/\/forms.gle\/aGjkUY6faX5KPBxA6\">https:\/\/forms.gle\/aGjkUY6faX5KPBxA6<\/a><\/li>\n<\/ul>\n<p>Remarque : les candidats devront suivre le mod\u00e8le de financement sur le lien\u00a0:<\/p>\n<p><a href=\"https:\/\/region-nouakchott.mr\/fr\/wp-content\/uploads\/2026\/04\/Modele-de-demande-de-financement.docx\">Mod\u00e8le-de-demande-de-financement<\/a><\/p>\n<p>&nbsp;<\/p>\n<ul>\n<li>Participez \u00e0 une <strong>session d\u2019information pour<\/strong> <strong>:<\/strong><\/li>\n<\/ul>\n<p>Pr\u00e9senter les modalit\u00e9s de l\u2019appel \u00e0 projets, clarifier les crit\u00e8res d\u2019\u00e9ligibilit\u00e9 et de s\u00e9lection, et r\u00e9pondre aux questions des participants afin de faciliter la pr\u00e9paration et la soumission des candidatures. : veuillez-vous enregistrer via ce\u00a0mail\u00a0: <strong>appel.paaedc.rn@gmail.com<\/strong><\/p>\n<p><strong>Le <\/strong><strong>07 mai 2026 \u00e0 9h<\/strong><\/p>\n<p>Lieu\u00a0: Si\u00e8ge de la R\u00e9gion de Nouakchott<\/p>\n<p><strong>Evaluation\u00a0: <\/strong><\/p>\n<p>Les crit\u00e8res suivants constituent la base d\u2019\u00e9valuation et seront appliqu\u00e9s lors de l\u2019analyse des projets soumis :<\/p>\n<table>\n<tbody>\n<tr>\n<td width=\"302\"><strong>Crit\u00e8res <\/strong><\/td>\n<td width=\"302\"><strong>Points<\/strong><\/td>\n<\/tr>\n<tr>\n<td width=\"302\">Pertinence de l\u2019id\u00e9e et conformit\u00e9 avec les orientations de l\u2019appel \u00e0 projets<\/td>\n<td width=\"302\"><strong>30 <\/strong><\/td>\n<\/tr>\n<tr>\n<td width=\"302\">Impact attendu, \u00e9lev\u00e9 et mesurable<\/td>\n<td width=\"302\"><strong>30 <\/strong><\/td>\n<\/tr>\n<tr>\n<td width=\"302\">Efficience de l\u2019action et de l\u2019enveloppe financi\u00e8re<\/td>\n<td width=\"302\"><strong>10 <\/strong><\/td>\n<\/tr>\n<tr>\n<td width=\"302\">Faisabilit\u00e9 du projet<\/td>\n<td width=\"302\"><strong>10 <\/strong><\/td>\n<\/tr>\n<tr>\n<td width=\"302\">Qualification technique du demandeur en lien avec le projet propos\u00e9 :<\/td>\n<td width=\"302\"><strong>20 <\/strong><\/td>\n<\/tr>\n<\/tbody>\n<\/table>\n<p><strong>\u00a0<\/strong><\/p>\n<p><strong>Note importante :<\/strong><\/p>\n<p>Dans cette \u00e9dition, les huit meilleurs projets seront s\u00e9lectionn\u00e9s lors de la premi\u00e8re phase pour acc\u00e9der \u00e0 une deuxi\u00e8me \u00e9tape. Les porteurs de ces projets b\u00e9n\u00e9ficieront d\u2019un accompagnement technique assur\u00e9 par des encadrants sp\u00e9cialis\u00e9s, afin de les aider \u00e0 am\u00e9liorer et affiner la formulation de leurs projets. \u00c0 l\u2019issue de cette phase, entre deux et trois projets seront retenus pour b\u00e9n\u00e9ficier du financement final.<\/p>\n<p><a href=\"https:\/\/region-nouakchott.mr\/fr\/wp-content\/uploads\/2026\/04\/Modele-de-demande-de-financement.docx\">Mod\u00e8le-de-demande-de-financement<\/a><\/p>\n<p>&nbsp;<\/p>\n","protected":false},"excerpt":{"rendered":"<p>&nbsp; Projet de Coop\u00e9ration \u00ab Appui au d\u00e9veloppement du Plan d\u2019Action pour l\u2019Acc\u00e8s \u00e0 l\u2019Energie Durable et au Climat de la R\u00e9gion de Nouakchott et renforcement de son leadership national dans ce domaine \u00bb &nbsp; \u00a0Appel \u00e0 Projets \u2013 R\u00e9gion de Nouakchott Programme de financement des initiatives locales<\/p>\n","protected":false},"author":3,"featured_media":10304,"comment_status":"closed","ping_status":"closed","sticky":false,"template":"","format":"standard","meta":{"om_disable_all_campaigns":false,"_jetpack_memberships_contains_paid_content":false,"footnotes":""},"categories":[61,105],"tags":[],"class_list":["post-10298","post","type-post","status-publish","format-standard","has-post-thumbnail","hentry","category-actualites","category-avis-general"],"jetpack_featured_media_url":"https:\/\/i0.wp.com\/region-nouakchott.mr\/fr\/wp-content\/uploads\/2026\/04\/img_1777485546142.jpg?fit=1080%2C1080&ssl=1","jetpack_sharing_enabled":true,"_links":{"self":[{"href":"https:\/\/region-nouakchott.mr\/fr\/index.php?rest_route=\/wp\/v2\/posts\/10298","targetHints":{"allow":["GET"]}}],"collection":[{"href":"https:\/\/region-nouakchott.mr\/fr\/index.php?rest_route=\/wp\/v2\/posts"}],"about":[{"href":"https:\/\/region-nouakchott.mr\/fr\/index.php?rest_route=\/wp\/v2\/types\/post"}],"author":[{"embeddable":true,"href":"https:\/\/region-nouakchott.mr\/fr\/index.php?rest_route=\/wp\/v2\/users\/3"}],"replies":[{"embeddable":true,"href":"https:\/\/region-nouakchott.mr\/fr\/index.php?rest_route=%2Fwp%2Fv2%2Fcomments&post=10298"}],"version-history":[{"count":6,"href":"https:\/\/region-nouakchott.mr\/fr\/index.php?rest_route=\/wp\/v2\/posts\/10298\/revisions"}],"predecessor-version":[{"id":10307,"href":"https:\/\/region-nouakchott.mr\/fr\/index.php?rest_route=\/wp\/v2\/posts\/10298\/revisions\/10307"}],"wp:featuredmedia":[{"embeddable":true,"href":"https:\/\/region-nouakchott.mr\/fr\/index.php?rest_route=\/wp\/v2\/media\/10304"}],"wp:attachment":[{"href":"https:\/\/region-nouakchott.mr\/fr\/index.php?rest_route=%2Fwp%2Fv2%2Fmedia&parent=10298"}],"wp:term":[{"taxonomy":"category","embeddable":true,"href":"https:\/\/region-nouakchott.mr\/fr\/index.php?rest_route=%2Fwp%2Fv2%2Fcategories&post=10298"},{"taxonomy":"post_tag","embeddable":true,"href":"https:\/\/region-nouakchott.mr\/fr\/index.php?rest_route=%2Fwp%2Fv2%2Ftags&post=10298"}],"curies":[{"name":"wp","href":"https:\/\/api.w.org\/{rel}","templated":true}]}}