{"id":5913,"date":"2021-02-02T18:55:17","date_gmt":"2021-02-02T18:55:17","guid":{"rendered":"https:\/\/crn.mr\/fr\/?p=5913"},"modified":"2022-01-24T18:57:55","modified_gmt":"2022-01-24T18:57:55","slug":"visite-de-terrain-de-projets-realises-par-la-region-de-nouakchott","status":"publish","type":"post","link":"https:\/\/region-nouakchott.mr\/fr\/?p=5913","title":{"rendered":"Visite de terrain de projets r\u00e9alis\u00e9s par la R\u00e9gion de Nouakchott"},"content":{"rendered":"<p>La Pr\u00e9sidente de la R\u00e9gion de Nouakchott, Madame Fatimetou Mint ABDEL Malick, a visit\u00e9 ce matin, Mardi 2 F\u00e9vrier 2021, des points de ravitaillement en eau potable des populations de Sbeikha (Toujounine) par citernes et cuves d\u2019eau, en plus du projet \u00ab Nourrir et Verdir \u00bb ex\u00e9cut\u00e9 en faveur des populations des secteurs 16 et 17 de TARHIL iRiadh).<!--more--><\/p>\n<p>Dans une d\u00e9claration pour la circonstance, la Pr\u00e9sidente a remerci\u00e9 le Minist\u00e8re de l\u2019Hydraulique pour son soutien \u00e0 la R\u00e9gion de Nouakchott qui a permis de venir en aide aux populations de Sbeikha qui souffraient d\u2019un manque d\u2019eau d\u00fb \u00e0 l\u2019absence d\u2019un r\u00e9seau d\u2019eau dans la zone en question et l\u2019acc\u00e8s difficile \u00e0 la plupart de ses sites .<\/p>\n<p>La Pr\u00e9sidente a tenu \u00e9galement \u00e0 remercier le Secr\u00e9taire G\u00e9n\u00e9ral de l\u2019UNESCO \u00e0 Nouakchott pour sa collaboration qui a permis de mettre en \u0153uvre le projet baptis\u00e9 \u00ab Nourrir et Verdir \u00bb.<\/p>\n<p>Ce projet a pour vocation de former les coop\u00e9ratives f\u00e9minines et de les assister en mati\u00e8re de culture mara\u00eech\u00e8re en vue de r\u00e9sorber le d\u00e9ficit qu\u2019accuse la ville de Nouakchott en mati\u00e8re de l\u00e9gumes, et de reboiser certains axes desdites zones en impliquant la jeunesse \u00e0 cette entreprise , a-t-elle pr\u00e9cis\u00e9..<\/p>\n<p>Rappelons qu\u2019au cours de cette visite de terrain, la Pr\u00e9sidente a \u00e9t\u00e9 accompagn\u00e9e par le Secr\u00e9taire G\u00e9n\u00e9ral de l\u2019UNESCO \u00e0 Nouakchott, Monsieur Mohamed Ould Sidi Abdella ,les deux Vice-pr\u00e9sidentes de la R\u00e9gion de Nouakchott, Mesdames Hawa Mohamded Lemine Sidib\u00e9 et Zeinebou Cheikh Ahmed Chems, le Pr\u00e9sident de la Commission Environnement et D\u00e9veloppement Durable ,Monsieur Ahmed Salem Ahmed Habiboullah et la Pr\u00e9sidente de la Commission pour l\u2019Action Sociale., Madame Aicha El Hadj Diallo .<\/p>\n<p><img data-recalc-dims=\"1\" fetchpriority=\"high\" decoding=\"async\" src=\"https:\/\/i0.wp.com\/crn.mr\/crn4\/fr\/images\/145198936_721189392102247_5184611204045516213_n.jpg?resize=536%2C357&#038;ssl=1\" alt=\"\" width=\"536\" height=\"357\" data-pagespeed-url-hash=\"812872685\" \/><\/p>\n<p><img data-recalc-dims=\"1\" decoding=\"async\" src=\"https:\/\/i0.wp.com\/crn.mr\/crn4\/fr\/images\/145243586_260348785448153_398333954244878134_n.jpg?resize=533%2C355&#038;ssl=1\" alt=\"\" width=\"533\" height=\"355\" data-pagespeed-url-hash=\"2685229710\" \/><\/p>\n<p><img data-recalc-dims=\"1\" decoding=\"async\" src=\"https:\/\/i0.wp.com\/crn.mr\/crn4\/fr\/images\/145303913_763987727830263_5410212200570239645_n.jpg?resize=536%2C357&#038;ssl=1\" alt=\"\" width=\"536\" height=\"357\" data-pagespeed-url-hash=\"3131089163\" \/><\/p>\n<p><img data-recalc-dims=\"1\" loading=\"lazy\" decoding=\"async\" src=\"https:\/\/i0.wp.com\/crn.mr\/crn4\/fr\/images\/145307825_176298373855742_3874936876030748126_n.jpg?resize=537%2C358&#038;ssl=1\" alt=\"\" width=\"537\" height=\"358\" data-pagespeed-url-hash=\"2654499762\" \/><\/p>\n","protected":false},"excerpt":{"rendered":"<p>La Pr\u00e9sidente de la R\u00e9gion de Nouakchott, Madame Fatimetou Mint ABDEL Malick, a visit\u00e9 ce matin, Mardi 2 F\u00e9vrier 2021, des points de ravitaillement en eau potable des populations de Sbeikha (Toujounine) par citernes et cuves d\u2019eau, en plus du projet \u00ab Nourrir et Verdir \u00bb ex\u00e9cut\u00e9 en faveur des populations des secteurs 16 et [&hellip;]<\/p>\n","protected":false},"author":3,"featured_media":5914,"comment_status":"closed","ping_status":"closed","sticky":false,"template":"","format":"standard","meta":{"om_disable_all_campaigns":false,"_jetpack_memberships_contains_paid_content":false,"footnotes":""},"categories":[61],"tags":[],"class_list":["post-5913","post","type-post","status-publish","format-standard","has-post-thumbnail","hentry","category-actualites"],"jetpack_featured_media_url":"https:\/\/i0.wp.com\/region-nouakchott.mr\/fr\/wp-content\/uploads\/2022\/01\/e67ec824afbc9f855ad850f1b49c5b05_XL.jpg?fit=850%2C567&ssl=1","jetpack_sharing_enabled":true,"_links":{"self":[{"href":"https:\/\/region-nouakchott.mr\/fr\/index.php?rest_route=\/wp\/v2\/posts\/5913","targetHints":{"allow":["GET"]}}],"collection":[{"href":"https:\/\/region-nouakchott.mr\/fr\/index.php?rest_route=\/wp\/v2\/posts"}],"about":[{"href":"https:\/\/region-nouakchott.mr\/fr\/index.php?rest_route=\/wp\/v2\/types\/post"}],"author":[{"embeddable":true,"href":"https:\/\/region-nouakchott.mr\/fr\/index.php?rest_route=\/wp\/v2\/users\/3"}],"replies":[{"embeddable":true,"href":"https:\/\/region-nouakchott.mr\/fr\/index.php?rest_route=%2Fwp%2Fv2%2Fcomments&post=5913"}],"version-history":[{"count":1,"href":"https:\/\/region-nouakchott.mr\/fr\/index.php?rest_route=\/wp\/v2\/posts\/5913\/revisions"}],"predecessor-version":[{"id":5915,"href":"https:\/\/region-nouakchott.mr\/fr\/index.php?rest_route=\/wp\/v2\/posts\/5913\/revisions\/5915"}],"wp:featuredmedia":[{"embeddable":true,"href":"https:\/\/region-nouakchott.mr\/fr\/index.php?rest_route=\/wp\/v2\/media\/5914"}],"wp:attachment":[{"href":"https:\/\/region-nouakchott.mr\/fr\/index.php?rest_route=%2Fwp%2Fv2%2Fmedia&parent=5913"}],"wp:term":[{"taxonomy":"category","embeddable":true,"href":"https:\/\/region-nouakchott.mr\/fr\/index.php?rest_route=%2Fwp%2Fv2%2Fcategories&post=5913"},{"taxonomy":"post_tag","embeddable":true,"href":"https:\/\/region-nouakchott.mr\/fr\/index.php?rest_route=%2Fwp%2Fv2%2Ftags&post=5913"}],"curies":[{"name":"wp","href":"https:\/\/api.w.org\/{rel}","templated":true}]}}