{"id":6179,"date":"2021-06-29T07:29:36","date_gmt":"2021-06-29T07:29:36","guid":{"rendered":"https:\/\/crn.mr\/fr\/?p=6179"},"modified":"2022-01-27T07:32:37","modified_gmt":"2022-01-27T07:32:37","slug":"la-presidente-de-la-region-de-nouakchott-participe-a-un-colloque-sur-les-defis-environnementaux-des-villes-arabes","status":"publish","type":"post","link":"https:\/\/region-nouakchott.mr\/fr\/?p=6179","title":{"rendered":"La pr\u00e9sidente de la R\u00e9gion de Nouakchott participe ,\u00e0 un colloque sur les d\u00e9fis environnementaux des villes arabes"},"content":{"rendered":"<div class=\"itemIntroText\">\n<p>La Pr\u00e9sidente de la R\u00e9gion de Nouakchott, Madame Fatimetou Mint Abdel Malick a pris part ce matin \u00e0 une conf\u00e9rence de haut niveau, organis\u00e9e par le Bureau R\u00e9gional des Nations Unies pour les Pays Arabes pour la Limitation des Dangers des Catastrophes et l\u2019Organisation des Villes Arabes, sous le th\u00e8me : \u00abLes Villes Arabes vers la r\u00e9alisation de la flexibilit\u00e9 : acc\u00e8s au programme rendre les villes flexibles 2030 \u00bb.<\/p>\n<\/div>\n<p><!--more--><\/p>\n<div class=\"itemFullText\">\n<p>Madame la Pr\u00e9sidente a pr\u00e9sent\u00e9 un expos\u00e9 sur l\u2019exp\u00e9rience de la ville de Nouakchott en mati\u00e8re d\u2019application de la capacit\u00e9 de r\u00e9silience en mettant en exergue les principaux d\u00e9fis environnementaux et les dangers qui menacent la ville.<\/p>\n<p>La s\u00e9ance a \u00e9t\u00e9 ouverte par le Secr\u00e9taire G\u00e9n\u00e9ral des Villes Arabes , le Pr\u00e9sident du Bureau R\u00e9gional des Nations Unies pour les Villes Arabes pour la Limitation des Dangers des catastrophes et avec la participation du Directeur R\u00e9gional du Programme des Nations Unies pour les Colonies de peuplement au sein de l\u2019Organisation Arabe , le Chef G\u00e9n\u00e9ral de la Police de Douba\u00ef, le Responsable du Programme G\u00e9n\u00e9ral de l\u2019Organisation des Cit\u00e9s et Gouvernements Locaux Unis et plusieurs acteurs des villes arabes et mondiales.<\/p>\n<p><img data-recalc-dims=\"1\" decoding=\"async\" src=\"https:\/\/i0.wp.com\/crn.mr\/crn4\/fr\/images\/IMG-20210629-WA0222.jpg?w=800&#038;ssl=1\" alt=\"\" data-pagespeed-url-hash=\"832314270\" \/><\/p>\n<p><img data-recalc-dims=\"1\" decoding=\"async\" src=\"https:\/\/i0.wp.com\/crn.mr\/crn4\/fr\/images\/IMG-20210629-WA0216.jpg?w=800&#038;ssl=1\" alt=\"\" data-pagespeed-url-hash=\"2085529967\" \/><\/p>\n<\/div>\n<div class=\"clr\"><\/div>\n","protected":false},"excerpt":{"rendered":"<p>La Pr\u00e9sidente de la R\u00e9gion de Nouakchott, Madame Fatimetou Mint Abdel Malick a pris part ce matin \u00e0 une conf\u00e9rence de haut niveau, organis\u00e9e par le Bureau R\u00e9gional des Nations Unies pour les Pays Arabes pour la Limitation des Dangers des Catastrophes et l\u2019Organisation des Villes Arabes, sous le th\u00e8me : \u00abLes Villes Arabes vers [&hellip;]<\/p>\n","protected":false},"author":3,"featured_media":6180,"comment_status":"closed","ping_status":"closed","sticky":false,"template":"","format":"standard","meta":{"om_disable_all_campaigns":false,"_jetpack_memberships_contains_paid_content":false,"footnotes":""},"categories":[61],"tags":[],"class_list":["post-6179","post","type-post","status-publish","format-standard","has-post-thumbnail","hentry","category-actualites"],"jetpack_featured_media_url":"https:\/\/i0.wp.com\/region-nouakchott.mr\/fr\/wp-content\/uploads\/2022\/01\/e213534406f5e673030b12a49a117407_XL.jpg?fit=850%2C608&ssl=1","jetpack_sharing_enabled":true,"_links":{"self":[{"href":"https:\/\/region-nouakchott.mr\/fr\/index.php?rest_route=\/wp\/v2\/posts\/6179","targetHints":{"allow":["GET"]}}],"collection":[{"href":"https:\/\/region-nouakchott.mr\/fr\/index.php?rest_route=\/wp\/v2\/posts"}],"about":[{"href":"https:\/\/region-nouakchott.mr\/fr\/index.php?rest_route=\/wp\/v2\/types\/post"}],"author":[{"embeddable":true,"href":"https:\/\/region-nouakchott.mr\/fr\/index.php?rest_route=\/wp\/v2\/users\/3"}],"replies":[{"embeddable":true,"href":"https:\/\/region-nouakchott.mr\/fr\/index.php?rest_route=%2Fwp%2Fv2%2Fcomments&post=6179"}],"version-history":[{"count":1,"href":"https:\/\/region-nouakchott.mr\/fr\/index.php?rest_route=\/wp\/v2\/posts\/6179\/revisions"}],"predecessor-version":[{"id":6181,"href":"https:\/\/region-nouakchott.mr\/fr\/index.php?rest_route=\/wp\/v2\/posts\/6179\/revisions\/6181"}],"wp:featuredmedia":[{"embeddable":true,"href":"https:\/\/region-nouakchott.mr\/fr\/index.php?rest_route=\/wp\/v2\/media\/6180"}],"wp:attachment":[{"href":"https:\/\/region-nouakchott.mr\/fr\/index.php?rest_route=%2Fwp%2Fv2%2Fmedia&parent=6179"}],"wp:term":[{"taxonomy":"category","embeddable":true,"href":"https:\/\/region-nouakchott.mr\/fr\/index.php?rest_route=%2Fwp%2Fv2%2Fcategories&post=6179"},{"taxonomy":"post_tag","embeddable":true,"href":"https:\/\/region-nouakchott.mr\/fr\/index.php?rest_route=%2Fwp%2Fv2%2Ftags&post=6179"}],"curies":[{"name":"wp","href":"https:\/\/api.w.org\/{rel}","templated":true}]}}