{"id":7446,"date":"2022-07-28T18:21:05","date_gmt":"2022-07-28T18:21:05","guid":{"rendered":"https:\/\/crn.mr\/fr\/?p=7446"},"modified":"2022-08-04T12:33:45","modified_gmt":"2022-08-04T12:33:45","slug":"le-president-de-la-republique-recoit-la-presidente-de-lorganisation-des-cites-et-gouvernements-locaux-unis-afrique","status":"publish","type":"post","link":"https:\/\/region-nouakchott.mr\/fr\/?p=7446","title":{"rendered":"Le Pr\u00e9sident de la R\u00e9publique re\u00e7oit la Pr\u00e9sidente de l&rsquo;organisation des Cit\u00e9s et Gouvernements Locaux Unis- Afrique"},"content":{"rendered":"<div>\n<div class=\"\" dir=\"auto\">\n<div id=\"jsc_c_rr\" class=\"ecm0bbzt hv4rvrfc ihqw7lf3 dati1w0a\" data-ad-comet-preview=\"message\" data-ad-preview=\"message\">\n<div class=\"j83agx80 cbu4d94t ew0dbk1b irj2b8pg\">\n<div class=\"qzhwtbm6 knvmm38d\">\n<div class=\"cxmmr5t8 oygrvhab hcukyx3x c1et5uql o9v6fnle ii04i59q\">\n<div dir=\"auto\">Le Pr\u00e9sident de la R\u00e9publique a re\u00e7u cet apr\u00e8s midi Madame Fatimetou Mint Abdel Malick, Pr\u00e9sidente de l&rsquo;organisation des Cit\u00e9s et Gouvernements Locaux Unis-Afrique CGLU-A accompagn\u00e9e de Monsieur Jean Pierre Elong Mbassi, Secr\u00e9taire G\u00e9n\u00e9ral de cette organisation.<\/div>\n<\/div>\n<\/div>\n<\/div>\n<\/div>\n<\/div>\n<\/div>\n<p><!--more--><\/p>\n<div class=\"\" dir=\"auto\">\n<div id=\"jsc_c_rr\" class=\"ecm0bbzt hv4rvrfc ihqw7lf3 dati1w0a\" data-ad-comet-preview=\"message\" data-ad-preview=\"message\">\n<div class=\"j83agx80 cbu4d94t ew0dbk1b irj2b8pg\">\n<div class=\"qzhwtbm6 knvmm38d\">\n<div class=\"cxmmr5t8 oygrvhab hcukyx3x c1et5uql o9v6fnle ii04i59q\">\n<div dir=\"auto\">Au cours de la rencontre, Madame la Pr\u00e9sidente a pr\u00e9sent\u00e9 un expos\u00e9 d\u00e9taill\u00e9 sur l&rsquo;organisation elle-m\u00eame et le programme du travail durant son mandat de trois ans.<\/div>\n<\/div>\n<div class=\"cxmmr5t8 oygrvhab hcukyx3x c1et5uql o9v6fnle ii04i59q\">\n<div dir=\"auto\">La Pr\u00e9sidente de l&rsquo;organisation a ajout\u00e9 dans une d\u00e9claration de presse que le Pr\u00e9sident de la R\u00e9publique a exprim\u00e9 son soutien pour l&rsquo;organisation dans tous ses programmes.Il a confirm\u00e9 \u00e9galement l&rsquo;importance de la d\u00e9centralisation et la disponibilit\u00e9 du gouvernement \u00e0 travailler pour une vraie d\u00e9centralisation en Mauritanie, a-t-elle pr\u00e9cis\u00e9.<\/div>\n<\/div>\n<\/div>\n<\/div>\n<\/div>\n<\/div>\n<div id=\"jsc_c_rs\" class=\"l9j0dhe7\">\n<div class=\"l9j0dhe7\">\n<div class=\"l9j0dhe7\">\n<div class=\"l9j0dhe7\">\n<div class=\"ni8dbmo4 stjgntxs pmk7jnqg\">\n<div class=\"stjgntxs ni8dbmo4\">\n<div class=\"do00u71z ni8dbmo4 stjgntxs l9j0dhe7\">\n<div class=\"pmk7jnqg kr520xx4\"><img decoding=\"async\" class=\"i09qtzwb n7fi1qx3 datstx6m pmk7jnqg j9ispegn kr520xx4 k4urcfbm\" src=\"https:\/\/scontent.fcai1-3.fna.fbcdn.net\/v\/t39.30808-6\/295565160_363036495993069_520085455616317634_n.jpg?stp=dst-jpg_s600x600&amp;_nc_cat=101&amp;ccb=1-7&amp;_nc_sid=8bfeb9&amp;_nc_eui2=AeEnsFc9Yj50zywsmayYhZJ8IZvll1z2ycohm-WXXPbJyqQj-Jsh6S0mMhIiY1xw_q6EqS0ELXtnrd8GNMd295xC&amp;_nc_ohc=S63GYbQor_IAX_oAESZ&amp;_nc_ht=scontent.fcai1-3.fna&amp;oh=00_AT84Ip6dCOgo_7r0lfA-Peo87XV_eycHhKLBMjx0HSPbpQ&amp;oe=62F16CEC\" alt=\"\" \/><\/div>\n<\/div>\n<\/div>\n<\/div>\n<\/div>\n<\/div>\n<\/div>\n<\/div>\n<div class=\"bq4bzpyk s1tcr66n l6v480f0 j83agx80 btwxx1t3 i1fnvgqd pybr56ya d1544ag0 f10w8fjw c4f5jtg6\">\n<div class=\"btwxx1t3 j83agx80\">\n<div class=\"dflh9lhu aov4n071 dwxx2s2f\"><\/div>\n<\/div>\n<\/div>\n","protected":false},"excerpt":{"rendered":"<p>Le Pr\u00e9sident de la R\u00e9publique a re\u00e7u cet apr\u00e8s midi Madame Fatimetou Mint Abdel Malick, Pr\u00e9sidente de l&rsquo;organisation des Cit\u00e9s et Gouvernements Locaux Unis-Afrique CGLU-A accompagn\u00e9e de Monsieur Jean Pierre Elong Mbassi, Secr\u00e9taire G\u00e9n\u00e9ral de cette organisation.<\/p>\n","protected":false},"author":3,"featured_media":7447,"comment_status":"closed","ping_status":"closed","sticky":false,"template":"","format":"standard","meta":{"om_disable_all_campaigns":false,"_jetpack_memberships_contains_paid_content":false,"footnotes":""},"categories":[61],"tags":[],"class_list":["post-7446","post","type-post","status-publish","format-standard","has-post-thumbnail","hentry","category-actualites"],"jetpack_featured_media_url":"https:\/\/i0.wp.com\/region-nouakchott.mr\/fr\/wp-content\/uploads\/2022\/08\/296368075_363036355993083_3053517152919536517_n.jpg?fit=814%2C490&ssl=1","jetpack_sharing_enabled":true,"_links":{"self":[{"href":"https:\/\/region-nouakchott.mr\/fr\/index.php?rest_route=\/wp\/v2\/posts\/7446","targetHints":{"allow":["GET"]}}],"collection":[{"href":"https:\/\/region-nouakchott.mr\/fr\/index.php?rest_route=\/wp\/v2\/posts"}],"about":[{"href":"https:\/\/region-nouakchott.mr\/fr\/index.php?rest_route=\/wp\/v2\/types\/post"}],"author":[{"embeddable":true,"href":"https:\/\/region-nouakchott.mr\/fr\/index.php?rest_route=\/wp\/v2\/users\/3"}],"replies":[{"embeddable":true,"href":"https:\/\/region-nouakchott.mr\/fr\/index.php?rest_route=%2Fwp%2Fv2%2Fcomments&post=7446"}],"version-history":[{"count":1,"href":"https:\/\/region-nouakchott.mr\/fr\/index.php?rest_route=\/wp\/v2\/posts\/7446\/revisions"}],"predecessor-version":[{"id":7448,"href":"https:\/\/region-nouakchott.mr\/fr\/index.php?rest_route=\/wp\/v2\/posts\/7446\/revisions\/7448"}],"wp:featuredmedia":[{"embeddable":true,"href":"https:\/\/region-nouakchott.mr\/fr\/index.php?rest_route=\/wp\/v2\/media\/7447"}],"wp:attachment":[{"href":"https:\/\/region-nouakchott.mr\/fr\/index.php?rest_route=%2Fwp%2Fv2%2Fmedia&parent=7446"}],"wp:term":[{"taxonomy":"category","embeddable":true,"href":"https:\/\/region-nouakchott.mr\/fr\/index.php?rest_route=%2Fwp%2Fv2%2Fcategories&post=7446"},{"taxonomy":"post_tag","embeddable":true,"href":"https:\/\/region-nouakchott.mr\/fr\/index.php?rest_route=%2Fwp%2Fv2%2Ftags&post=7446"}],"curies":[{"name":"wp","href":"https:\/\/api.w.org\/{rel}","templated":true}]}}