{"id":8031,"date":"2023-01-10T19:42:07","date_gmt":"2023-01-10T19:42:07","guid":{"rendered":"https:\/\/crn.mr\/fr\/?p=8031"},"modified":"2023-01-18T12:46:11","modified_gmt":"2023-01-18T12:46:11","slug":"la-region-de-nouakchott-organise-un-expose-sur-la-diplomatie-culturelle","status":"publish","type":"post","link":"https:\/\/region-nouakchott.mr\/fr\/?p=8031","title":{"rendered":"La R\u00e9gion de Nouakchott organise un expos\u00e9 sur la diplomatie culturelle"},"content":{"rendered":"<div class=\"x11i5rnm xat24cr x1mh8g0r x1vvkbs xtlvy1s x126k92a\">\n<div dir=\"auto\">Dans le cadre des festivit\u00e9s accompagnant la d\u00e9signation de Nouakchott, capitale de la culture du monde islamique pour l\u2019ann\u00e9e 2023, la R\u00e9gion de Nouakchott a organis\u00e9 une exposition de la diplomatie culturelle dans l\u2019espace de la libert\u00e9 au centre de la capitale.<\/div>\n<\/div>\n<p><!--more--><\/p>\n<div class=\"x11i5rnm xat24cr x1mh8g0r x1vvkbs xtlvy1s x126k92a\">\n<div dir=\"auto\">L\u2019exposition vise \u00e0 refl\u00e9ter l\u2019image brillante des oul\u00e9mas, des hommes de lettres , des penseurs, des innovateurs, des po\u00e8tes, des intellectuels et des artistes mauritaniens qui ont marqu\u00e9 de leur empreinte, l\u2019image du pays dans le monde arabe, le monde africain , le monde islamique et dans toutes les instances internationales.<\/div>\n<\/div>\n<div class=\"x11i5rnm xat24cr x1mh8g0r x1vvkbs xtlvy1s x126k92a\">\n<div dir=\"auto\">La Pr\u00e9sidente de la R\u00e9gion de Nouakchott a precis\u00e9 que l\u2019exposition vise \u00e0 donner une image brillante de la cr\u00e9ativit\u00e9 des hommes du pays de Chinguetti, dans les domaines scientifique, litt\u00e9raire et artistique .<\/div>\n<div dir=\"auto\">Dans une premi\u00e8re \u00e9tape, 30 toiles qui pr\u00e9sentent des personnalit\u00e9s de divers domaines , sp\u00e9cialit\u00e9s , villes , lieux, de manuscrits et \u0153uvres ont \u00e9t\u00e9 choisis . L\u2019exposition durera un mois complet et les toiles expos\u00e9es seront remplac\u00e9es par d\u2019autres, le 5 du mois suivant.<\/div>\n<\/div>\n<div class=\"x11i5rnm xat24cr x1mh8g0r x1vvkbs xtlvy1s x126k92a\">\n<div dir=\"auto\">L\u2019exposition aura lieu dans plusieurs espaces publics, des \u00e9tablissements scolaires et l\u2019universit\u00e9.<\/div>\n<\/div>\n<div dir=\"auto\"><\/div>\n<div dir=\"auto\"><img data-recalc-dims=\"1\" fetchpriority=\"high\" decoding=\"async\" class=\"alignnone size-full wp-image-8032\" src=\"https:\/\/i0.wp.com\/crn.mr\/fr\/wp-content\/uploads\/2023\/01\/323778159_836839354077181_2581393534528300627_n.jpg?resize=800%2C603&#038;ssl=1\" alt=\"\" width=\"800\" height=\"603\" srcset=\"https:\/\/i0.wp.com\/region-nouakchott.mr\/fr\/wp-content\/uploads\/2023\/01\/323778159_836839354077181_2581393534528300627_n.jpg?w=1080&amp;ssl=1 1080w, https:\/\/i0.wp.com\/region-nouakchott.mr\/fr\/wp-content\/uploads\/2023\/01\/323778159_836839354077181_2581393534528300627_n.jpg?resize=768%2C579&amp;ssl=1 768w\" sizes=\"(max-width: 800px) 100vw, 800px\" \/> <img data-recalc-dims=\"1\" decoding=\"async\" class=\"alignnone size-medium wp-image-8033\" src=\"https:\/\/i0.wp.com\/crn.mr\/fr\/wp-content\/uploads\/2023\/01\/324430636_712086820539697_5981253755279546489_n.jpg?resize=800%2C534&#038;ssl=1\" alt=\"\" width=\"800\" height=\"534\" srcset=\"https:\/\/i0.wp.com\/region-nouakchott.mr\/fr\/wp-content\/uploads\/2023\/01\/324430636_712086820539697_5981253755279546489_n.jpg?w=1024&amp;ssl=1 1024w, https:\/\/i0.wp.com\/region-nouakchott.mr\/fr\/wp-content\/uploads\/2023\/01\/324430636_712086820539697_5981253755279546489_n.jpg?resize=768%2C512&amp;ssl=1 768w\" sizes=\"(max-width: 800px) 100vw, 800px\" \/> <img data-recalc-dims=\"1\" decoding=\"async\" class=\"alignnone size-medium wp-image-8034\" src=\"https:\/\/i0.wp.com\/crn.mr\/fr\/wp-content\/uploads\/2023\/01\/324430993_3352866138307570_9114770201622813042_n.jpg?resize=800%2C534&#038;ssl=1\" alt=\"\" width=\"800\" height=\"534\" srcset=\"https:\/\/i0.wp.com\/region-nouakchott.mr\/fr\/wp-content\/uploads\/2023\/01\/324430993_3352866138307570_9114770201622813042_n.jpg?w=1024&amp;ssl=1 1024w, https:\/\/i0.wp.com\/region-nouakchott.mr\/fr\/wp-content\/uploads\/2023\/01\/324430993_3352866138307570_9114770201622813042_n.jpg?resize=768%2C512&amp;ssl=1 768w\" sizes=\"(max-width: 800px) 100vw, 800px\" \/> <img data-recalc-dims=\"1\" loading=\"lazy\" decoding=\"async\" class=\"alignnone size-medium wp-image-8035\" src=\"https:\/\/i0.wp.com\/crn.mr\/fr\/wp-content\/uploads\/2023\/01\/324433504_1295250487707937_7321478990366778738_n.jpg?resize=800%2C533&#038;ssl=1\" alt=\"\" width=\"800\" height=\"533\" srcset=\"https:\/\/i0.wp.com\/region-nouakchott.mr\/fr\/wp-content\/uploads\/2023\/01\/324433504_1295250487707937_7321478990366778738_n.jpg?w=1024&amp;ssl=1 1024w, https:\/\/i0.wp.com\/region-nouakchott.mr\/fr\/wp-content\/uploads\/2023\/01\/324433504_1295250487707937_7321478990366778738_n.jpg?resize=768%2C512&amp;ssl=1 768w\" sizes=\"(max-width: 800px) 100vw, 800px\" \/> <img data-recalc-dims=\"1\" loading=\"lazy\" decoding=\"async\" class=\"alignnone size-medium wp-image-8036\" src=\"https:\/\/i0.wp.com\/crn.mr\/fr\/wp-content\/uploads\/2023\/01\/324440828_1860629000955625_548922043728205411_n.jpg?resize=800%2C534&#038;ssl=1\" alt=\"\" width=\"800\" height=\"534\" srcset=\"https:\/\/i0.wp.com\/region-nouakchott.mr\/fr\/wp-content\/uploads\/2023\/01\/324440828_1860629000955625_548922043728205411_n.jpg?w=1024&amp;ssl=1 1024w, https:\/\/i0.wp.com\/region-nouakchott.mr\/fr\/wp-content\/uploads\/2023\/01\/324440828_1860629000955625_548922043728205411_n.jpg?resize=768%2C512&amp;ssl=1 768w\" sizes=\"(max-width: 800px) 100vw, 800px\" \/> <img data-recalc-dims=\"1\" loading=\"lazy\" decoding=\"async\" class=\"alignnone size-medium wp-image-8037\" src=\"https:\/\/i0.wp.com\/crn.mr\/fr\/wp-content\/uploads\/2023\/01\/324442525_1019618278994978_5859492691136674520_n.jpg?resize=800%2C534&#038;ssl=1\" alt=\"\" width=\"800\" height=\"534\" srcset=\"https:\/\/i0.wp.com\/region-nouakchott.mr\/fr\/wp-content\/uploads\/2023\/01\/324442525_1019618278994978_5859492691136674520_n.jpg?w=1024&amp;ssl=1 1024w, https:\/\/i0.wp.com\/region-nouakchott.mr\/fr\/wp-content\/uploads\/2023\/01\/324442525_1019618278994978_5859492691136674520_n.jpg?resize=768%2C512&amp;ssl=1 768w\" sizes=\"(max-width: 800px) 100vw, 800px\" \/><\/div>\n","protected":false},"excerpt":{"rendered":"<p>Dans le cadre des festivit\u00e9s accompagnant la d\u00e9signation de Nouakchott, capitale de la culture du monde islamique pour l\u2019ann\u00e9e 2023, la R\u00e9gion de Nouakchott a organis\u00e9 une exposition de la diplomatie culturelle dans l\u2019espace de la libert\u00e9 au centre de la capitale.<\/p>\n","protected":false},"author":3,"featured_media":8038,"comment_status":"closed","ping_status":"closed","sticky":false,"template":"","format":"standard","meta":{"om_disable_all_campaigns":false,"_jetpack_memberships_contains_paid_content":false,"footnotes":""},"categories":[61],"tags":[],"class_list":["post-8031","post","type-post","status-publish","format-standard","has-post-thumbnail","hentry","category-actualites"],"jetpack_featured_media_url":"https:\/\/i0.wp.com\/region-nouakchott.mr\/fr\/wp-content\/uploads\/2023\/01\/324511346_633768005186695_7811497444382936051_n.jpg?fit=1024%2C683&ssl=1","jetpack_sharing_enabled":true,"_links":{"self":[{"href":"https:\/\/region-nouakchott.mr\/fr\/index.php?rest_route=\/wp\/v2\/posts\/8031","targetHints":{"allow":["GET"]}}],"collection":[{"href":"https:\/\/region-nouakchott.mr\/fr\/index.php?rest_route=\/wp\/v2\/posts"}],"about":[{"href":"https:\/\/region-nouakchott.mr\/fr\/index.php?rest_route=\/wp\/v2\/types\/post"}],"author":[{"embeddable":true,"href":"https:\/\/region-nouakchott.mr\/fr\/index.php?rest_route=\/wp\/v2\/users\/3"}],"replies":[{"embeddable":true,"href":"https:\/\/region-nouakchott.mr\/fr\/index.php?rest_route=%2Fwp%2Fv2%2Fcomments&post=8031"}],"version-history":[{"count":1,"href":"https:\/\/region-nouakchott.mr\/fr\/index.php?rest_route=\/wp\/v2\/posts\/8031\/revisions"}],"predecessor-version":[{"id":8039,"href":"https:\/\/region-nouakchott.mr\/fr\/index.php?rest_route=\/wp\/v2\/posts\/8031\/revisions\/8039"}],"wp:featuredmedia":[{"embeddable":true,"href":"https:\/\/region-nouakchott.mr\/fr\/index.php?rest_route=\/wp\/v2\/media\/8038"}],"wp:attachment":[{"href":"https:\/\/region-nouakchott.mr\/fr\/index.php?rest_route=%2Fwp%2Fv2%2Fmedia&parent=8031"}],"wp:term":[{"taxonomy":"category","embeddable":true,"href":"https:\/\/region-nouakchott.mr\/fr\/index.php?rest_route=%2Fwp%2Fv2%2Fcategories&post=8031"},{"taxonomy":"post_tag","embeddable":true,"href":"https:\/\/region-nouakchott.mr\/fr\/index.php?rest_route=%2Fwp%2Fv2%2Ftags&post=8031"}],"curies":[{"name":"wp","href":"https:\/\/api.w.org\/{rel}","templated":true}]}}