{"id":8317,"date":"2023-05-24T15:09:51","date_gmt":"2023-05-24T15:09:51","guid":{"rendered":"https:\/\/crn.mr\/fr\/?p=8317"},"modified":"2023-06-14T15:14:15","modified_gmt":"2023-06-14T15:14:15","slug":"la-presidente-de-la-region-de-nouakchott-a-effectue-une-visite-de-travail-a-la-region-rabat-sale-kenitra","status":"publish","type":"post","link":"https:\/\/region-nouakchott.mr\/fr\/?p=8317","title":{"rendered":"La Pr\u00e9sidente de la R\u00e9gion de Nouakchott a effectu\u00e9 une visite de travail \u00e0 la R\u00e9gion Rabat-Sal\u00e9-Kenitra"},"content":{"rendered":"<div class=\"x11i5rnm xat24cr x1mh8g0r x1vvkbs xtlvy1s x126k92a\">\n<div dir=\"auto\">Madame Fatimetou Mint Abdel Malick a effectu\u00e9, Mercredi 24 Mai 2023 une visite de travail \u00e0 Rabat-Sal\u00e9 \u2013Kenitra dans le cadre du renforcement de l\u2019accord de partenariat et de coop\u00e9ration qui les lie.<\/div>\n<\/div>\n<p><!--more--><\/p>\n<div class=\"x11i5rnm xat24cr x1mh8g0r x1vvkbs xtlvy1s x126k92a\">\n<div dir=\"auto\">Au cours de cette visite, Madame la Pr\u00e9sidente a invit\u00e9 Monsieur Rachid El Abd \u00e0 visiter Nouakchott. Les deux parties ont discut\u00e9 le projet de formation professionnelle ex\u00e9cut\u00e9 en collaboration entre les deux parties, en plus du renforcement des domaines de prtenariat, notamment la planification urbaine, l\u2019hydraulique, l\u2019assainissement et le transport urbain.<\/div>\n<\/div>\n<div class=\"x11i5rnm xat24cr x1mh8g0r x1vvkbs xtlvy1s x126k92a\">\n<div dir=\"auto\">Ainsi, la R\u00e9gion de Nouakchott a sign\u00e9 un accord de partenariat et de coop\u00e9ration avec la R\u00e9gion de Rabat-Sal\u00e9 \u2013Kenitra qui a permis de r\u00e9aliser le projet de formation professionnelle lanc\u00e9 par la R\u00e9gion, ex\u00e9cut\u00e9 par l\u2019Ecole d\u2019Enseignement Technique et de Formation Professionnelle \u00e0 Nouakchott au profit de 1500 jeunes dans des domaines prometteurs.<\/div>\n<\/div>\n<div class=\"x11i5rnm xat24cr x1mh8g0r x1vvkbs xtlvy1s x126k92a\">\n<div dir=\"auto\">On esp\u00e8re que cette visite permettra de renforcer la coop\u00e9ration et le partenariat dans d\u2019autres projets fructueux au service des deux parties.<\/div>\n<div dir=\"auto\"><img decoding=\"async\" src=\"https:\/\/scontent.faly1-2.fna.fbcdn.net\/v\/t39.30808-6\/349071050_2408458792646679_5977361847153345956_n.jpg?_nc_cat=103&amp;ccb=1-7&amp;_nc_sid=8bfeb9&amp;_nc_eui2=AeHAjgIssXc7TFRlGEsA_atmfl-4uZwGUHx-X7i5nAZQfBTDnDhc3z-HW9-kCKmZ6IK4HwFh0IJnr9MUJRufs-j6&amp;_nc_ohc=IqpQTptsfDIAX8OYx4_&amp;_nc_ht=scontent.faly1-2.fna&amp;oh=00_AfBleaDaVavouACMktEZrmJcxsw45-uE5D6A9cF85vRfWg&amp;oe=648E32AE\" alt=\"\u0642\u062f \u062a\u0643\u0648\u0646 \u0635\u0648\u0631\u0629 \u200f\u200f\u0634\u062e\u0635\u064a\u0646\u200f \u0648\u200f\u0623\u0634\u062e\u0627\u0635 \u064a\u062f\u0631\u0633\u0648\u0646\u200f\u200f\" \/><\/div>\n<div dir=\"auto\"><img decoding=\"async\" src=\"https:\/\/scontent.faly1-2.fna.fbcdn.net\/v\/t39.30808-6\/348960010_778391787252292_8783219265426173797_n.jpg?_nc_cat=107&amp;ccb=1-7&amp;_nc_sid=8bfeb9&amp;_nc_eui2=AeHEUdYUCEhlddD7tI1yrO7zCGsu1bM2jaoIay7VszaNqmQ0XY3nExO3X13fV7sBGt4pLsVsSUdwMdatKdJxXEtR&amp;_nc_ohc=ktWPSaflvQQAX8cdEwC&amp;_nc_ht=scontent.faly1-2.fna&amp;oh=00_AfBCQj9AgEmNmvyYecw6AdlwC26naY76rI9XJUZZwtOA7A&amp;oe=648E2640\" alt=\"\u0642\u062f \u062a\u0643\u0648\u0646 \u0635\u0648\u0631\u0629 \u200f\u200f\u200f\u200f\u0664\u200f \u0623\u0634\u062e\u0627\u0635\u200f\u060c \u0648\u200f\u0645\u0650\u0646\u0628\u0631\u200f\u200f \u0648\u200f\u0646\u0635\u200f\u200f\" \/><\/div>\n<div dir=\"auto\"><img decoding=\"async\" src=\"https:\/\/scontent.faly1-2.fna.fbcdn.net\/v\/t39.30808-6\/348969165_188780610391496_3952373312905194302_n.jpg?_nc_cat=106&amp;ccb=1-7&amp;_nc_sid=8bfeb9&amp;_nc_eui2=AeEc3P1uiOPbNmlt_zfLeOUL6mttOTQ___bqa205ND__9vESeVaVIQujpYN6XQRzK9bY0EuzAZdAeeYiqxchu7hl&amp;_nc_ohc=qjH_CyknvCwAX8G2xFQ&amp;_nc_ht=scontent.faly1-2.fna&amp;oh=00_AfDr0E-kXyzwRzTc09Iq4M9UlvVBcflG4KwHF9u59H_NYA&amp;oe=648E4202\" alt=\"\u0642\u062f \u062a\u0643\u0648\u0646 \u0635\u0648\u0631\u0629 \u200f\u200f\u200f\u0664\u200f \u0623\u0634\u062e\u0627\u0635\u200f \u0648\u200f\u0623\u0634\u062e\u0627\u0635 \u064a\u062f\u0631\u0633\u0648\u0646\u200f\u200f\" \/><\/div>\n<\/div>\n","protected":false},"excerpt":{"rendered":"<p>Madame Fatimetou Mint Abdel Malick a effectu\u00e9, Mercredi 24 Mai 2023 une visite de travail \u00e0 Rabat-Sal\u00e9 \u2013Kenitra dans le cadre du renforcement de l\u2019accord de partenariat et de coop\u00e9ration qui les lie.<\/p>\n","protected":false},"author":3,"featured_media":8318,"comment_status":"closed","ping_status":"closed","sticky":false,"template":"","format":"standard","meta":{"om_disable_all_campaigns":false,"_jetpack_memberships_contains_paid_content":false,"footnotes":""},"categories":[61],"tags":[],"class_list":["post-8317","post","type-post","status-publish","format-standard","has-post-thumbnail","hentry","category-actualites"],"jetpack_featured_media_url":"https:\/\/i0.wp.com\/region-nouakchott.mr\/fr\/wp-content\/uploads\/2023\/06\/348996974_1246729695954405_4213102548917935002_n.jpg?fit=1600%2C1068&ssl=1","jetpack_sharing_enabled":true,"_links":{"self":[{"href":"https:\/\/region-nouakchott.mr\/fr\/index.php?rest_route=\/wp\/v2\/posts\/8317","targetHints":{"allow":["GET"]}}],"collection":[{"href":"https:\/\/region-nouakchott.mr\/fr\/index.php?rest_route=\/wp\/v2\/posts"}],"about":[{"href":"https:\/\/region-nouakchott.mr\/fr\/index.php?rest_route=\/wp\/v2\/types\/post"}],"author":[{"embeddable":true,"href":"https:\/\/region-nouakchott.mr\/fr\/index.php?rest_route=\/wp\/v2\/users\/3"}],"replies":[{"embeddable":true,"href":"https:\/\/region-nouakchott.mr\/fr\/index.php?rest_route=%2Fwp%2Fv2%2Fcomments&post=8317"}],"version-history":[{"count":1,"href":"https:\/\/region-nouakchott.mr\/fr\/index.php?rest_route=\/wp\/v2\/posts\/8317\/revisions"}],"predecessor-version":[{"id":8319,"href":"https:\/\/region-nouakchott.mr\/fr\/index.php?rest_route=\/wp\/v2\/posts\/8317\/revisions\/8319"}],"wp:featuredmedia":[{"embeddable":true,"href":"https:\/\/region-nouakchott.mr\/fr\/index.php?rest_route=\/wp\/v2\/media\/8318"}],"wp:attachment":[{"href":"https:\/\/region-nouakchott.mr\/fr\/index.php?rest_route=%2Fwp%2Fv2%2Fmedia&parent=8317"}],"wp:term":[{"taxonomy":"category","embeddable":true,"href":"https:\/\/region-nouakchott.mr\/fr\/index.php?rest_route=%2Fwp%2Fv2%2Fcategories&post=8317"},{"taxonomy":"post_tag","embeddable":true,"href":"https:\/\/region-nouakchott.mr\/fr\/index.php?rest_route=%2Fwp%2Fv2%2Ftags&post=8317"}],"curies":[{"name":"wp","href":"https:\/\/api.w.org\/{rel}","templated":true}]}}