{"id":8785,"date":"2023-12-25T20:31:36","date_gmt":"2023-12-25T20:31:36","guid":{"rendered":"https:\/\/crn.mr\/fr\/?p=8785"},"modified":"2024-01-19T20:35:49","modified_gmt":"2024-01-19T20:35:49","slug":"rosso-laregion-de-nouakchott-organise-un-atelier-dechange-dexpertises-sur-le-changement-climatique","status":"publish","type":"post","link":"https:\/\/region-nouakchott.mr\/fr\/?p=8785","title":{"rendered":"Rosso :LaR\u00e9gion de Nouakchott organise un atelier d\u2019\u00e9change d\u2019expertises sur le changement climatique"},"content":{"rendered":"<div>\n<div class=\"\" dir=\"auto\">\n<div id=\":rg8:\" class=\"x1iorvi4 x1pi30zi x1l90r2v x1swvt13\" data-ad-comet-preview=\"message\" data-ad-preview=\"message\">\n<div class=\"x78zum5 xdt5ytf xz62fqu x16ldp7u\">\n<div class=\"xu06os2 x1ok221b\">\n<div class=\"x11i5rnm xat24cr x1mh8g0r x1vvkbs xtlvy1s x126k92a\">\n<div dir=\"auto\">La R\u00e9gion de Nouakchott a organis\u00e9 dans le cadre de la troisi\u00e8me phase de la Charte des Maires d\u2019Afrique au Sud du Sahara , Lundi 25 D\u00e9cembre 2023 \u00e0 Rosso, capitale de la Wilaya du Trarza un atelier pour l\u2019\u00e9change d\u2019expertises avec les Collectivit\u00e9s Locales des Wilayas du Sud, en collaboration avec les Conseils R\u00e9gionaux du Brakna,,du Guidimagha,du Gorgol et certaines communes urbaines et rurales relevant des trois Wilayas cit\u00e9es.<\/div>\n<\/div>\n<div class=\"x11i5rnm xat24cr x1mh8g0r x1vvkbs xtlvy1s x126k92a\"><\/div>\n<\/div>\n<\/div>\n<\/div>\n<\/div>\n<\/div>\n<p><!--more--><\/p>\n<div class=\"xyamay9 x1pi30zi x1l90r2v x1swvt13\">\n<div>\n<div>\n<div class=\"x9f619 x1n2onr6 x1ja2u2z x78zum5 x2lah0s x1nhvcw1 x1qjc9v5 xozqiw3 x1q0g3np xn6708d x1ye3gou xykv574 xbmpl8g x4cne27 xifccgj\">\n<div class=\"x9f619 x1n2onr6 x1ja2u2z x78zum5 xdt5ytf x2lah0s x193iq5w xeuugli xsyo7zv x16hj40l x10b6aqq x1yrsyyn\">\n<div class=\"x9f619 x1n2onr6 x1ja2u2z x78zum5 xdt5ytf x2lah0s x193iq5w xeuugli x1kgmq87\">\n<div class=\"x1i10hfl x6umtig x1b1mbwd xaqea5y xav7gou x1ypdohk xe8uvvx xdj266r x11i5rnm xat24cr x1mh8g0r x16tdsg8 x1hl2dhg xggy1nq x87ps6o x1lku1pv x1a2a7pz x6s0dn4 x14yjl9h xudhj91 x18nykt9 xww2gxu x972fbf xcfux6l x1qhh985 xm0m39n x9f619 x78zum5 xl56j7k xexx8yu x4uap5 x18d9i69 xkhd6sd x1n2onr6 x1fgtraw xgd8bvy x1qhmfi1\" tabindex=\"0\" role=\"button\" aria-label=\"\u0625\u0632\u0627\u0644\u0629\"><i class=\"x1b0d499 x1d69dk1\" data-visualcompletion=\"css-img\"><\/i><\/p>\n<div class=\"x1ey2m1c xds687c xg01cxk x47corl x10l6tqk x17qophe x13vifvy x1ebt8du x19991ni x1dhq9h x14yjl9h xudhj91 x18nykt9 xww2gxu\" role=\"none\" data-visualcompletion=\"ignore\">\n<div>\n<div class=\"\" dir=\"auto\">\n<div id=\":rg8:\" class=\"x1iorvi4 x1pi30zi x1l90r2v x1swvt13\" data-ad-comet-preview=\"message\" data-ad-preview=\"message\">\n<div class=\"x78zum5 xdt5ytf xz62fqu x16ldp7u\">\n<div class=\"xu06os2 x1ok221b\">\n<div class=\"x11i5rnm xat24cr x1mh8g0r x1vvkbs xtlvy1s x126k92a\">\n<div dir=\"auto\">Dans son allocution \u00e0 l\u2019occasion, le Vice-pr\u00e9sident de la R\u00e9gion de Nouakchott, Monsieur Ahmed Mohamed El Mamy Salihine a remerci\u00e9 tous les participants \u00e0 cet atelier marquant qui vise l\u2019\u00e9change d\u2019expertises pour faire face au changement climatique en pr\u00e9sentant la m\u00e9thode de la Convention des Maires d\u2019Afrique au Sud du Sahara COMSSA pour permettre aux participants d\u2019acqu\u00e9rir des connaissances pr\u00e9cises sur les d\u00e9fis li\u00e9s au changement climatique au niveau mondial.<\/div>\n<\/div>\n<div class=\"x11i5rnm xat24cr x1mh8g0r x1vvkbs xtlvy1s x126k92a\">\n<div dir=\"auto\">Il a ajout\u00e9 que la R\u00e9gion de Nouakchott envisage \u00e0 travers cette rencontre nationale d\u00e9 mettre en place une pierre pour l\u2019\u00e9difice d\u2019un pont de communication d\u2019\u00e9changes et de coop\u00e9ration entre les Collectivit\u00e9s Locales mauritaniennes.<\/div>\n<\/div>\n<div class=\"x11i5rnm xat24cr x1mh8g0r x1vvkbs xtlvy1s x126k92a\">\n<div dir=\"auto\">En outre, il a mis l\u2019accent sur la disponibilit\u00e9 de la R\u00e9gion pour d\u00e9ployer tous es efforts pour que toutes les R\u00e9gions et les Communes puissent signer cette Convention et adopter cette m\u00e9thode mondiale.A son tour, le Wali du Trarza, Monsieur Mohamed Ahmed Mouloud, dans son mot d\u2019ouverture, a salu\u00e9 l\u2019organisation de cette rencontre et cet atelier qui est une initiative louable de la part de la R\u00e9gion de Nouakchott en vue de renforcer les liens de coop\u00e9ration,d\u2019\u00e9changes et d\u2019expertises entre les Collectivit\u00e9s Locales du pays.<\/div>\n<div dir=\"auto\">Ainsi,ces institutions conna\u00eetront un bond remarquable dans leurs prestations et une am\u00e9lioration de leurs capacit\u00e9s d\u2019ex\u00e9cution de leurs pr\u00e9rogatives pour satisfaire les besoins des habitants et par cons\u00e9quent jouer leur r\u00f4le dans le d\u00e9veloppement durable.<\/div>\n<div dir=\"auto\">Ont pris part \u00e0 l\u2019ouverture de cet atelier, le Wali du Trarza, le Vice-pr\u00e9sident du Conseil R\u00e9gional du Trarza, le Maire de Rosso, les autorit\u00e9s administratives et s\u00e9curitaires de la Wilaya, quelques \u00e9lus des Wilayas du Sud ayant pris part \u00e0 l\u2019atelier.<\/div>\n<div dir=\"auto\">Rappelons que cet atelier est le deuxi\u00e8me d\u2019une s\u00e9rie d\u2019ateliers organis\u00e9s par la R\u00e9gion de Nouakchott dans ce cadre. Ces ateliers d\u00e9buteront \u00e0 Nouakchott et se poursuivront dans les Wilayas de l\u2019Assaba et de Dakhla Nouadhibou.<\/div>\n<\/div>\n<\/div>\n<\/div>\n<\/div>\n<\/div>\n<div id=\":rg9:\" class=\"x1n2onr6\">\n<div class=\"x1n2onr6\">\n<div class=\"x1n2onr6\">\n<div class=\"x1n2onr6\">\n<div class=\"x6ikm8r x10wlt62 x10l6tqk\">\n<div class=\"x6ikm8r x10wlt62\">\n<div class=\"xqtp20y x6ikm8r x10wlt62 x1n2onr6\">\n<div class=\"x10l6tqk x13vifvy\"><\/div>\n<\/div>\n<\/div>\n<\/div>\n<div class=\"x6ikm8r x10wlt62 x10l6tqk\">\n<div class=\"x6ikm8r x10wlt62\">\n<div class=\"x1nb4dca x1q0q8m5 xso031l x1exxf4d x13fuv20 x178xt8z x1ey2m1c x9f619 xds687c x47corl x10l6tqk x17qophe x13vifvy\"><\/div>\n<\/div>\n<\/div>\n<div class=\"x6ikm8r x10wlt62 x10l6tqk\">\n<div class=\"x6ikm8r x10wlt62\">\n<div class=\"xqtp20y x6ikm8r x10wlt62 x1n2onr6\">\n<div class=\"x10l6tqk x13vifvy\"><img decoding=\"async\" class=\"xz74otr x1ey2m1c xds687c x5yr21d x10l6tqk x17qophe x13vifvy xh8yej3\" src=\"https:\/\/scontent.fcai19-5.fna.fbcdn.net\/v\/t39.30808-6\/414071379_664473012516081_6632975598425880926_n.jpg?stp=dst-jpg_s600x600&amp;_nc_cat=100&amp;ccb=1-7&amp;_nc_sid=dd5e9f&amp;_nc_eui2=AeGAUkPtqZaG26Ks7RDBq6pSU96xPrHyFShT3rE-sfIVKIjaWt8WWq4Qu5UYX8EgKoN0YthajAPq3f85C_XKt2w7&amp;_nc_ohc=rBYniYbAkU0AX8xpN_S&amp;_nc_oc=AQnpDSkf4RVaLqD24fZl8hh4H_NjnEblvrY8oW37aS4MlLsUL66MjiZUD9gNL2YPrUw&amp;_nc_ht=scontent.fcai19-5.fna&amp;oh=00_AfA_7kr2s1XHjvi6vgPBXWq2sI8AoTIDF3Vn0olarsFuoQ&amp;oe=65AF3E0E\" alt=\"\" \/><\/div>\n<\/div>\n<\/div>\n<\/div>\n<\/div>\n<\/div>\n<\/div>\n<\/div>\n<\/div>\n<p>&nbsp;<\/p>\n<\/div>\n<\/div>\n<\/div>\n<\/div>\n<\/div>\n<\/div>\n<\/div>\n<\/div>\n","protected":false},"excerpt":{"rendered":"<p>La R\u00e9gion de Nouakchott a organis\u00e9 dans le cadre de la troisi\u00e8me phase de la Charte des Maires d\u2019Afrique au Sud du Sahara , Lundi 25 D\u00e9cembre 2023 \u00e0 Rosso, capitale de la Wilaya du Trarza un atelier pour l\u2019\u00e9change d\u2019expertises avec les Collectivit\u00e9s Locales des Wilayas du Sud, en collaboration avec les Conseils R\u00e9gionaux [&hellip;]<\/p>\n","protected":false},"author":3,"featured_media":8786,"comment_status":"closed","ping_status":"closed","sticky":false,"template":"","format":"standard","meta":{"om_disable_all_campaigns":false,"_jetpack_memberships_contains_paid_content":false,"footnotes":""},"categories":[61],"tags":[],"class_list":["post-8785","post","type-post","status-publish","format-standard","has-post-thumbnail","hentry","category-actualites"],"jetpack_featured_media_url":"https:\/\/i0.wp.com\/region-nouakchott.mr\/fr\/wp-content\/uploads\/2024\/01\/414085018_664472859182763_4414554105336664347_n-1.jpg?fit=600%2C338&ssl=1","jetpack_sharing_enabled":true,"_links":{"self":[{"href":"https:\/\/region-nouakchott.mr\/fr\/index.php?rest_route=\/wp\/v2\/posts\/8785","targetHints":{"allow":["GET"]}}],"collection":[{"href":"https:\/\/region-nouakchott.mr\/fr\/index.php?rest_route=\/wp\/v2\/posts"}],"about":[{"href":"https:\/\/region-nouakchott.mr\/fr\/index.php?rest_route=\/wp\/v2\/types\/post"}],"author":[{"embeddable":true,"href":"https:\/\/region-nouakchott.mr\/fr\/index.php?rest_route=\/wp\/v2\/users\/3"}],"replies":[{"embeddable":true,"href":"https:\/\/region-nouakchott.mr\/fr\/index.php?rest_route=%2Fwp%2Fv2%2Fcomments&post=8785"}],"version-history":[{"count":1,"href":"https:\/\/region-nouakchott.mr\/fr\/index.php?rest_route=\/wp\/v2\/posts\/8785\/revisions"}],"predecessor-version":[{"id":8787,"href":"https:\/\/region-nouakchott.mr\/fr\/index.php?rest_route=\/wp\/v2\/posts\/8785\/revisions\/8787"}],"wp:featuredmedia":[{"embeddable":true,"href":"https:\/\/region-nouakchott.mr\/fr\/index.php?rest_route=\/wp\/v2\/media\/8786"}],"wp:attachment":[{"href":"https:\/\/region-nouakchott.mr\/fr\/index.php?rest_route=%2Fwp%2Fv2%2Fmedia&parent=8785"}],"wp:term":[{"taxonomy":"category","embeddable":true,"href":"https:\/\/region-nouakchott.mr\/fr\/index.php?rest_route=%2Fwp%2Fv2%2Fcategories&post=8785"},{"taxonomy":"post_tag","embeddable":true,"href":"https:\/\/region-nouakchott.mr\/fr\/index.php?rest_route=%2Fwp%2Fv2%2Ftags&post=8785"}],"curies":[{"name":"wp","href":"https:\/\/api.w.org\/{rel}","templated":true}]}}